{"id":26407,"date":"2023-03-22T15:07:59","date_gmt":"2023-03-22T14:07:59","guid":{"rendered":"https:\/\/burckhardt.swiss\/?p=26407"},"modified":"2024-01-09T12:24:34","modified_gmt":"2024-01-09T11:24:34","slug":"burckhardt-nouvelle-version","status":"publish","type":"post","link":"https:\/\/burckhardt.swiss\/fr\/burckhardt-nouvelle-version\/","title":{"rendered":"Burckhardt, nouvelle version"},"content":{"rendered":"\n<div class=\"wp-block-group alignfull is-layout-constrained wp-container-core-group-is-layout-1 wp-block-group-is-layout-constrained\">\n<p>Notre histoire est longue et mouvement\u00e9e. Notre \u00e9volution constante illustre notre volont\u00e9 de fa\u00e7onner l\u2019avenir. En adoptant un nouveau nom et un nouveau design, nous envoyons un message fort.  <\/p>\n\n\n\n<h2 class=\"wp-block-heading\">Notre nouveau nom: simple, clair, concis<\/h2>\n\n\n\n<p>Le nom de Burckhardt renvoie \u00e0 l\u2019origine de notre entreprise. L\u2019histoire de cette famille remonte au XVe si\u00e8cle. En 1951, nous avons fond\u00e9 notre bureau d\u2019architecture sous le nom de Burckhardt Architekten SIA. Le changement de d\u00e9nomination en Burckhardt+Partner suivra en 1973. Exactement 50 ans plus tard, nous prenons la d\u00e9cision de nous appeler d\u00e9sormais Burckhardt. Notre nouveau nom est pleinement ax\u00e9 sur Burckhardt. Avec seulement deux syllabes, il est court et concis, son orthographe avec ck et dt le rend tr\u00e8s particulier. Avec cette simplicit\u00e9 et cette sp\u00e9cificit\u00e9, nous portons l\u2019esprit de notre entreprise vers l\u2019avenir et continuons d\u2019\u00e9crire notre histoire riche en traditions.        <\/p>\n\n\n\n<h2 class=\"wp-block-heading\">Trois questions sur la nouvelle marque<\/h2>\n\n\n\n<figure class=\"wp-block-image size-large\"><img loading=\"lazy\" decoding=\"async\" width=\"1024\" height=\"576\" src=\"https:\/\/burckhardt.swiss\/app\/uploads\/2023\/04\/burckhardt_Interview_Samuel_Wolfgang-1024x576.jpg\" alt=\"\" class=\"wp-image-26411\" srcset=\"https:\/\/burckhardt.swiss\/app\/uploads\/2023\/04\/burckhardt_Interview_Samuel_Wolfgang-1024x576.jpg 1024w, https:\/\/burckhardt.swiss\/app\/uploads\/2023\/04\/burckhardt_Interview_Samuel_Wolfgang-300x169.jpg 300w, https:\/\/burckhardt.swiss\/app\/uploads\/2023\/04\/burckhardt_Interview_Samuel_Wolfgang-600x338.jpg 600w, https:\/\/burckhardt.swiss\/app\/uploads\/2023\/04\/burckhardt_Interview_Samuel_Wolfgang-1200x675.jpg 1200w, https:\/\/burckhardt.swiss\/app\/uploads\/2023\/04\/burckhardt_Interview_Samuel_Wolfgang-500x281.jpg 500w, https:\/\/burckhardt.swiss\/app\/uploads\/2023\/04\/burckhardt_Interview_Samuel_Wolfgang-1000x563.jpg 1000w, https:\/\/burckhardt.swiss\/app\/uploads\/2023\/04\/burckhardt_Interview_Samuel_Wolfgang-700x394.jpg 700w, https:\/\/burckhardt.swiss\/app\/uploads\/2023\/04\/burckhardt_Interview_Samuel_Wolfgang-1400x788.jpg 1400w, https:\/\/burckhardt.swiss\/app\/uploads\/2023\/04\/burckhardt_Interview_Samuel_Wolfgang.jpg 2000w\" sizes=\"auto, (max-width: 1024px) 100vw, 1024px\" \/><\/figure>\n\n\n\n<p>Un rebranding qui permet de s\u2019interroger sur les grandes questions d\u2019avenir. Wolfgang Hardt et Samuel Schultze, co-CEO de Burckhardt, se les sont pos\u00e9es. <\/p>\n\n\n\n<h3 class=\"wp-block-heading\">Nouveau nom, nouveau design: qu\u2019est-ce que cela vous fait?<\/h3>\n\n\n\n<p>Ce que le nouveau nom a de bien, c\u2019est qu\u2019il d\u00e9signe d\u00e9sormais toutes nos entreprises. Mais de fa\u00e7on plus simple, plus claire et plus concise. Il en va de m\u00eame pour le nouveau design : le nom est devenu un signe fort, plein d\u2019assurance et de caract\u00e8re, frappant. Ces deux \u00e9l\u00e9ments, le nouveau nom et le nouveau design, nous rapprochent au sein du groupe et y renforcent l\u2019id\u00e9e que nous formons une m\u00eame \u00e9quipe. Nous adorons !    <\/p>\n\n\n\n<h3 class=\"wp-block-heading\">Quels sont aujourd\u2019hui les plus grands d\u00e9fis dans le monde de l\u2019architecture et de la construction ?<\/h3>\n\n\n\n<p>La durabilit\u00e9 ! Construire selon ce principe exige une utilisation cibl\u00e9e et rigoureuse des ressources disponibles. L\u2019utilisation d\u2019\u00e9nergie doit \u00eatre enti\u00e8rement repens\u00e9e en vue de sa r\u00e9duction. Une architecture durable signifie qu\u2019un b\u00e2timent remplira sa fonction sur plusieurs g\u00e9n\u00e9rations et pourra \u00eatre adapt\u00e9 aux exigences futures. Une t\u00e2che immense qui exige beaucoup de nous dans tous les domaines.    <\/p>\n\n\n\n<h3 class=\"wp-block-heading\">Comment \u00e9volue Burckhardt pour s\u2019adapter \u00e0 ce nouveau monde ?<\/h3>\n\n\n\n<p>Pour aborder le th\u00e8me hautement complexe de la durabilit\u00e9 dans la construction, il faut que tous les membres de l\u2019\u00e9quipe soient vifs, curieux et ouverts au changement. Nous ne nous consid\u00e9rons pas seulement comme une entit\u00e9 forte de plus de 70 ans d\u2019histoire, mais comme une entreprise qui \u00e9volue en permanence. Nous voyons la num\u00e9risation comme une opportunit\u00e9 et sommes toujours pr\u00eats pour l\u2019avenir. Selon notre vision, chaque construction est utile \u00e0 la soci\u00e9t\u00e9 et renforce la coh\u00e9sion sociale. Nous ne pouvons y parvenir qu\u2019en prenant l\u2019enjeu de la durabilit\u00e9 tr\u00e8s au s\u00e9rieux. Et c\u2019est ce que nous faisons.     <\/p>\n\n\n\n<div style=\"height:50px\" aria-hidden=\"true\" class=\"wp-block-spacer\"><\/div>\n\n\n<div\n  id=\"block_f011392cc46c21efcca122fffda4d021\"\n  data-block_f011392cc46c21efcca122fffda4d021\n  class=\"o-flex o-flex--centered back align\"\n>\n  <a href=\"https:\/\/burckhardt.swiss\/fr\/?page_id=249\" class=\"u-arrow--left\" onclick=\"back(event)\">\n    retour\n  <\/a>\n<\/div>\n\n\n\n\n<div style=\"height:100px\" aria-hidden=\"true\" class=\"wp-block-spacer\"><\/div>\n\n\n<div\n  id=\"block_536fc491718888cb4d4a4abcb5657fff\"\n  data-block_536fc491718888cb4d4a4abcb5657fff\n  class=\"o-flex o-flex--wrap c-block-contacts contacts align\"\n>\n  <\/div>\n\n<\/div>\n","protected":false},"excerpt":{"rendered":"<p>En adoptant un nouveau nom et un nouveau design, nous envoyons un message fort.<\/p>\n","protected":false},"author":8,"featured_media":26450,"comment_status":"closed","ping_status":"closed","sticky":false,"template":"","format":"standard","meta":{"_acf_changed":false,"footnotes":""},"tags":[],"categories":[3],"locations":[95],"class_list":["post-26407","post","type-post","status-publish","format-standard","has-post-thumbnail","hentry","category-news-fr","location-bale"],"acf":[],"_links":{"self":[{"href":"https:\/\/burckhardt.swiss\/fr\/wp-json\/wp\/v2\/posts\/26407","targetHints":{"allow":["GET"]}}],"collection":[{"href":"https:\/\/burckhardt.swiss\/fr\/wp-json\/wp\/v2\/posts"}],"about":[{"href":"https:\/\/burckhardt.swiss\/fr\/wp-json\/wp\/v2\/types\/post"}],"author":[{"embeddable":true,"href":"https:\/\/burckhardt.swiss\/fr\/wp-json\/wp\/v2\/users\/8"}],"replies":[{"embeddable":true,"href":"https:\/\/burckhardt.swiss\/fr\/wp-json\/wp\/v2\/comments?post=26407"}],"version-history":[{"count":5,"href":"https:\/\/burckhardt.swiss\/fr\/wp-json\/wp\/v2\/posts\/26407\/revisions"}],"predecessor-version":[{"id":26444,"href":"https:\/\/burckhardt.swiss\/fr\/wp-json\/wp\/v2\/posts\/26407\/revisions\/26444"}],"wp:featuredmedia":[{"embeddable":true,"href":"https:\/\/burckhardt.swiss\/fr\/wp-json\/wp\/v2\/media\/26450"}],"wp:attachment":[{"href":"https:\/\/burckhardt.swiss\/fr\/wp-json\/wp\/v2\/media?parent=26407"}],"wp:term":[{"taxonomy":"post_tag","embeddable":true,"href":"https:\/\/burckhardt.swiss\/fr\/wp-json\/wp\/v2\/tags?post=26407"},{"taxonomy":"category","embeddable":true,"href":"https:\/\/burckhardt.swiss\/fr\/wp-json\/wp\/v2\/categories?post=26407"},{"taxonomy":"location","embeddable":true,"href":"https:\/\/burckhardt.swiss\/fr\/wp-json\/wp\/v2\/locations?post=26407"}],"curies":[{"name":"wp","href":"https:\/\/api.w.org\/{rel}","templated":true}]}}