{"id":21631,"date":"2023-11-16T18:27:12","date_gmt":"2023-11-16T17:27:12","guid":{"rendered":"https:\/\/burckhardt.swiss\/?p=21631"},"modified":"2023-11-16T18:25:28","modified_gmt":"2023-11-16T17:25:28","slug":"burckhardt-remporte-lappel-doffres-marches-publics-pour-la-renovation-de-lhopital-du-samaritain-a-vevey","status":"publish","type":"post","link":"https:\/\/burckhardt.swiss\/fr\/burckhardt-remporte-lappel-doffres-marches-publics-pour-la-renovation-de-lhopital-du-samaritain-a-vevey\/","title":{"rendered":"Burckhardt remporte l\u2019appel d\u2019offres march\u00e9s publics pour la r\u00e9novation de l\u2019h\u00f4pital du Samaritain \u00e0 Vevey"},"content":{"rendered":"\n<div class=\"wp-block-group is-layout-constrained wp-container-core-group-is-layout-1 wp-block-group-is-layout-constrained\">\n<p>A Vevey, le nouveau projet de r\u00e9novation du site du Samaritain de l\u2019H\u00f4pital Riviera-Chablais, Vaud-Valais (HRC) est lanc\u00e9. Les travaux de transformation permettront de r\u00e9pondre aux besoins de la population de la Riviera, et plus particuli\u00e8rement des a\u00een\u00e9s. <\/p>\n\n\n\n<p>Ce nouveau centre de soins int\u00e9gr\u00e9s comportera une permanence m\u00e9dicale, des consultations ambulatoires sp\u00e9cialis\u00e9es, des soins g\u00e9riatriques aigus, des soins de r\u00e9adaptation et des soins communautaires, autour d\u2019un concept novateur de prise en charge de la personne \u00e2g\u00e9e. La mise en exploitation du nouveau centre est pr\u00e9vue pour 2027. <\/p>\n\n\n\n<p>Burckhardt assumera la responsabilit\u00e9 de la planification et des \u00e9tudes n\u00e9cessaires au d\u00e9veloppement de ce projet majeur, de la phase d&#8217;avant-projet jusqu&#8217;\u00e0 la r\u00e9alisation pour une ouverture pr\u00e9vue \u00e0 l\u2019\u00e9t\u00e9 2027.<\/p>\n\n\n\n<p>La gestion et le financement de ce projet sont enti\u00e8rement assur\u00e9s par la Fondation de soutien de l\u2019HRC (FSHRC), en \u00e9troite collaboration avec l\u2019 HRC et les autorit\u00e9s sanitaires cantonales.<\/p>\n\n\n\n<p><a href=\"https:\/\/www.hopitalrivierachablais.ch\/jcms\/hrc_455548\/fr\/communique-de-presse-du-15-novembre-2023\" target=\"_blank\" rel=\"noreferrer noopener\">Communiqu\u00e9 de presse H\u00f4pital Riviera Chablais (HRC)<\/a><br>Ma\u00eetre d\u2019ouvrage: Fondation de Soutien de l\u2019HRC<\/p>\n\n\n\n<div style=\"height:100px\" aria-hidden=\"true\" class=\"wp-block-spacer\"><\/div>\n\n\n<div\n  id=\"block_bb67c7312ab2808fbf5b4cdbd72ae7f2\"\n  data-block_bb67c7312ab2808fbf5b4cdbd72ae7f2\n  class=\"o-flex o-flex--centered back align\"\n>\n  <a href=\"https:\/\/burckhardt.swiss\/fr\/?page_id=249\" class=\"u-arrow--left\" onclick=\"back(event)\">\n    retour\n  <\/a>\n<\/div>\n\n\n\n\n<div style=\"height:100px\" aria-hidden=\"true\" class=\"wp-block-spacer\"><\/div>\n<\/div>\n","protected":false},"excerpt":{"rendered":"<p>A Vevey, le nouveau projet de r\u00e9novation du site du Samaritain de l\u2019H\u00f4pital Riviera-Chablais, Vaud-Valais (HRC) est lanc\u00e9. <\/p>\n","protected":false},"author":8,"featured_media":21636,"comment_status":"closed","ping_status":"closed","sticky":false,"template":"","format":"standard","meta":{"_acf_changed":false,"footnotes":""},"tags":[],"categories":[3],"locations":[100],"class_list":["post-21631","post","type-post","status-publish","format-standard","has-post-thumbnail","hentry","category-news-fr","location-lausanne-fr"],"acf":[],"_links":{"self":[{"href":"https:\/\/burckhardt.swiss\/fr\/wp-json\/wp\/v2\/posts\/21631","targetHints":{"allow":["GET"]}}],"collection":[{"href":"https:\/\/burckhardt.swiss\/fr\/wp-json\/wp\/v2\/posts"}],"about":[{"href":"https:\/\/burckhardt.swiss\/fr\/wp-json\/wp\/v2\/types\/post"}],"author":[{"embeddable":true,"href":"https:\/\/burckhardt.swiss\/fr\/wp-json\/wp\/v2\/users\/8"}],"replies":[{"embeddable":true,"href":"https:\/\/burckhardt.swiss\/fr\/wp-json\/wp\/v2\/comments?post=21631"}],"version-history":[{"count":6,"href":"https:\/\/burckhardt.swiss\/fr\/wp-json\/wp\/v2\/posts\/21631\/revisions"}],"predecessor-version":[{"id":21646,"href":"https:\/\/burckhardt.swiss\/fr\/wp-json\/wp\/v2\/posts\/21631\/revisions\/21646"}],"wp:featuredmedia":[{"embeddable":true,"href":"https:\/\/burckhardt.swiss\/fr\/wp-json\/wp\/v2\/media\/21636"}],"wp:attachment":[{"href":"https:\/\/burckhardt.swiss\/fr\/wp-json\/wp\/v2\/media?parent=21631"}],"wp:term":[{"taxonomy":"post_tag","embeddable":true,"href":"https:\/\/burckhardt.swiss\/fr\/wp-json\/wp\/v2\/tags?post=21631"},{"taxonomy":"category","embeddable":true,"href":"https:\/\/burckhardt.swiss\/fr\/wp-json\/wp\/v2\/categories?post=21631"},{"taxonomy":"location","embeddable":true,"href":"https:\/\/burckhardt.swiss\/fr\/wp-json\/wp\/v2\/locations?post=21631"}],"curies":[{"name":"wp","href":"https:\/\/api.w.org\/{rel}","templated":true}]}}