{"id":19961,"date":"2023-10-04T09:41:22","date_gmt":"2023-10-04T07:41:22","guid":{"rendered":"https:\/\/burckhardt.swiss\/?p=19961"},"modified":"2023-10-04T14:23:10","modified_gmt":"2023-10-04T12:23:10","slug":"batiment-denseignement-et-de-recherche-au-design-contemporain-sur-le-campus-de-luniversite-de-bonn","status":"publish","type":"post","link":"https:\/\/burckhardt.swiss\/fr\/batiment-denseignement-et-de-recherche-au-design-contemporain-sur-le-campus-de-luniversite-de-bonn\/","title":{"rendered":"B\u00e2timent d\u2019enseignement et de recherche au design contemporain sur le campus de l\u2019Universit\u00e9 de Bonn"},"content":{"rendered":"\n<div class=\"wp-block-group is-layout-constrained wp-container-core-group-is-layout-1 wp-block-group-is-layout-constrained\">\n<p>Vou\u00e9e \u00e0 remplacer l\u2019Allgemeine Verf\u00fcgungszentrum I (AVZ I), une toute nouvelle construction \u00e9quip\u00e9e de salles de laboratoire est en train de voir le jour sur le campus de Poppelsdorf, site en cours de red\u00e9veloppement rattach\u00e9 \u00e0 l\u2019Universit\u00e9 de Bonn. Le projet visant la cr\u00e9ation d\u2019un nouveau b\u00e2timent polyvalent \u00e0 structure hybride en bois avait \u00e9t\u00e9 remport\u00e9 en 2021 par Burckhardt, en collaboration avec Buro Happold, \u00e0 l\u2019issue d\u2019un concours restreint lanc\u00e9 par l\u2019Universit\u00e9 de Bonn. <\/p>\n\n\n\n<p>Le b\u00e2timent de remplacement de quatre \u00e9tages pourra accueillir cinq instituts de sciences naturelles de l\u2019universit\u00e9, soit un effectif de 180 personnes ainsi que 750 \u00e9tudiantes et \u00e9tudiants, qui profiteront des effets de synergie offerts par des espaces modulables en fonction de l\u2019usage souhait\u00e9. Avec une surface utile de quelque 5600m<sup>2<\/sup>, l\u2019endroit abritera des bureaux individuels, des salles de s\u00e9minaire, mais \u00e9galement de spacieuses unit\u00e9s de laboratoire en open space et des salles de travaux pratiques, assorties des zones de s\u00e9curit\u00e9 S1 et S2, ainsi qu\u2019une biblioth\u00e8que, un amphith\u00e9\u00e2tre et des zones communes.  <\/p>\n\n\n\n<p>L\u2019atrium central sera un lieu propice aux rencontres et aux \u00e9changes entre \u00e9tudiant\u00b7e\u00b7s. Dot\u00e9 d\u2019un grand foyer commun et d\u2019espaces de rencontre, l\u2019acc\u00e8s principal, \u00e0 l\u2019\u00e9clairage naturel, sera r\u00e9solument tourn\u00e9 vers la place d\u2019entr\u00e9e. Les \u00e9tages inf\u00e9rieurs seront, quant \u00e0 eux, occup\u00e9s par un amphith\u00e9\u00e2tre et des salles de s\u00e9minaire. D\u00e9di\u00e9s \u00e0 la recherche, les deux \u00e9tages sup\u00e9rieurs abriteront des laboratoires, des bureaux et des espaces communs ouverts aux collaboratrices et collaborateurs.   <\/p>\n\n\n\n<p>Pour la planification de cette nouvelle construction, le ma\u00eetre d\u2019ouvrage \u2013 Bau- und Liegenschaftsbetrieb NRW \u2013 a choisi de mettre l\u2019accent sur la durabilit\u00e9, visant pour le b\u00e2timent la certification BNB argent (syst\u00e8me d\u2019\u00e9valuation allemand de la construction durable). <\/p>\n\n\n\n<p>L\u2019ach\u00e8vement des travaux est pr\u00e9vu pour 2028.<\/p>\n\n\n<figure class=\"wp-block-image size-large\"><img loading=\"lazy\" decoding=\"async\" width=\"1024\" height=\"532\" src=\"https:\/\/burckhardt.swiss\/app\/uploads\/2023\/10\/burckhardt_AVZ_I_interior_PLAY-TIME-1024x532.jpg\" alt=\"\" class=\"wp-image-19984\" srcset=\"https:\/\/burckhardt.swiss\/app\/uploads\/2023\/10\/burckhardt_AVZ_I_interior_PLAY-TIME-1024x532.jpg 1024w, https:\/\/burckhardt.swiss\/app\/uploads\/2023\/10\/burckhardt_AVZ_I_interior_PLAY-TIME-300x156.jpg 300w, https:\/\/burckhardt.swiss\/app\/uploads\/2023\/10\/burckhardt_AVZ_I_interior_PLAY-TIME-600x312.jpg 600w, https:\/\/burckhardt.swiss\/app\/uploads\/2023\/10\/burckhardt_AVZ_I_interior_PLAY-TIME-500x260.jpg 500w, https:\/\/burckhardt.swiss\/app\/uploads\/2023\/10\/burckhardt_AVZ_I_interior_PLAY-TIME-1000x519.jpg 1000w, https:\/\/burckhardt.swiss\/app\/uploads\/2023\/10\/burckhardt_AVZ_I_interior_PLAY-TIME-700x364.jpg 700w, https:\/\/burckhardt.swiss\/app\/uploads\/2023\/10\/burckhardt_AVZ_I_interior_PLAY-TIME-1400x727.jpg 1400w, https:\/\/burckhardt.swiss\/app\/uploads\/2023\/10\/burckhardt_AVZ_I_interior_PLAY-TIME-2000x1039.jpg 2000w\" sizes=\"auto, (max-width: 1024px) 100vw, 1024px\" \/><figcaption class=\"wp-element-caption\"><span>Visualisations: PLAY-TIME<\/span><\/figcaption><\/figure>\n\n\n<div style=\"height:100px\" aria-hidden=\"true\" class=\"wp-block-spacer\"><\/div>\n\n\n<div\n  id=\"block_f65b4336ae5130f556cd46d22fc0ddcc\"\n  data-block_f65b4336ae5130f556cd46d22fc0ddcc\n  class=\"o-flex o-flex--centered back align\"\n>\n  <a href=\"https:\/\/burckhardt.swiss\/fr\/?page_id=249\" class=\"u-arrow--left\" onclick=\"back(event)\">\n    retour\n  <\/a>\n<\/div>\n\n\n\n\n<div style=\"height:100px\" aria-hidden=\"true\" class=\"wp-block-spacer\"><\/div>\n<\/div>\n","protected":false},"excerpt":{"rendered":"<p>Vou\u00e9e \u00e0 remplacer l\u2019Allgemeine Verf\u00fcgungszentrum I (AVZ I), une toute nouvelle construction \u00e9quip\u00e9e de salles de laboratoire est en train de voir le jour sur le campus de Poppelsdorf, site en cours de red\u00e9veloppement rattach\u00e9 \u00e0 l\u2019Universit\u00e9 de Bonn.<\/p>\n","protected":false},"author":8,"featured_media":19982,"comment_status":"closed","ping_status":"closed","sticky":false,"template":"","format":"standard","meta":{"_acf_changed":false,"footnotes":""},"tags":[],"categories":[3],"locations":[89],"class_list":["post-19961","post","type-post","status-publish","format-standard","has-post-thumbnail","hentry","category-news-fr","location-berlin-fr"],"acf":[],"_links":{"self":[{"href":"https:\/\/burckhardt.swiss\/fr\/wp-json\/wp\/v2\/posts\/19961","targetHints":{"allow":["GET"]}}],"collection":[{"href":"https:\/\/burckhardt.swiss\/fr\/wp-json\/wp\/v2\/posts"}],"about":[{"href":"https:\/\/burckhardt.swiss\/fr\/wp-json\/wp\/v2\/types\/post"}],"author":[{"embeddable":true,"href":"https:\/\/burckhardt.swiss\/fr\/wp-json\/wp\/v2\/users\/8"}],"replies":[{"embeddable":true,"href":"https:\/\/burckhardt.swiss\/fr\/wp-json\/wp\/v2\/comments?post=19961"}],"version-history":[{"count":4,"href":"https:\/\/burckhardt.swiss\/fr\/wp-json\/wp\/v2\/posts\/19961\/revisions"}],"predecessor-version":[{"id":20025,"href":"https:\/\/burckhardt.swiss\/fr\/wp-json\/wp\/v2\/posts\/19961\/revisions\/20025"}],"wp:featuredmedia":[{"embeddable":true,"href":"https:\/\/burckhardt.swiss\/fr\/wp-json\/wp\/v2\/media\/19982"}],"wp:attachment":[{"href":"https:\/\/burckhardt.swiss\/fr\/wp-json\/wp\/v2\/media?parent=19961"}],"wp:term":[{"taxonomy":"post_tag","embeddable":true,"href":"https:\/\/burckhardt.swiss\/fr\/wp-json\/wp\/v2\/tags?post=19961"},{"taxonomy":"category","embeddable":true,"href":"https:\/\/burckhardt.swiss\/fr\/wp-json\/wp\/v2\/categories?post=19961"},{"taxonomy":"location","embeddable":true,"href":"https:\/\/burckhardt.swiss\/fr\/wp-json\/wp\/v2\/locations?post=19961"}],"curies":[{"name":"wp","href":"https:\/\/api.w.org\/{rel}","templated":true}]}}