{"id":19905,"date":"2023-10-04T12:00:41","date_gmt":"2023-10-04T10:00:41","guid":{"rendered":"https:\/\/burckhardt.swiss\/?p=19905"},"modified":"2023-12-20T15:03:59","modified_gmt":"2023-12-20T14:03:59","slug":"burckhardt-a-lexpo-real-a-munich","status":"publish","type":"post","link":"https:\/\/burckhardt.swiss\/fr\/burckhardt-a-lexpo-real-a-munich\/","title":{"rendered":"Burckhardt \u00e0 l\u2019Expo Real \u00e0 Munich"},"content":{"rendered":"\n<div class=\"wp-block-group is-layout-constrained wp-container-core-group-is-layout-1 wp-block-group-is-layout-constrained\">\n<p><strong>Les professionnels de l\u2019immobilier se retrouvent chaque ann\u00e9e au plus grand salon international de l\u2019immobilier et de l\u2019investissement en Europe. Chez Burckhardt, nous appr\u00e9cions et mettons \u00e0 profit cet \u00e9v\u00e9nement de r\u00e9seautage particulier et serons pr\u00e9sents du 4 au 6 octobre \u00e0 l\u2019Expo Real 2023 \u00e0 Munich. <\/strong><\/p>\n\n\n\n<p>\u00abNous nous r\u00e9jouissons des nombreuses occasions d\u2019\u00e9changes personnels, d\u2019inspiration pour les d\u00e9veloppements futurs et de discussions int\u00e9ressantes\u00bb Wolfgang Hardt, CEO de Burckhardt.<\/p>\n\n\n\n<p>Vous nous trouverez sur le <a href=\"https:\/\/exhibitors.exporeal.net\/ausstellerverzeichnis\/2023\/hallenplaene\/hallenplan\/halle-a3\/?lid=a3\" target=\"_blank\" rel=\"noreferrer noopener\">stand Swiss Circle (halle A3 stand 230)<\/a>, o\u00f9 nous \u00e9changerons volontiers avec vous: Wolfgang Hardt, Daria Grouhi et Carsten Krafft seront sur place, ainsi que Tobias Hossfeld et Kenzo Kr\u00fcger-Heyden de Burckhardt D\u00e9veloppements.<\/p>\n\n\n\n<p>Vous y trouverez \u00e9galement un aper\u00e7u de l\u2019un de nos principaux projets en cours dans le domaine de la formation et de la recherche: planifi\u00e9 par Burckhardt en collaboration avec Buro Happold et destin\u00e9 \u00e0 l\u2019Universit\u00e9 de Bonn, l\u2019Allgemeine Verf\u00fcgungszentrum I est pr\u00e9sent\u00e9 par notre ma\u00eetre d\u2019ouvrage comme l\u2019un des grands projets actuels ax\u00e9s sur la durabilit\u00e9 et la num\u00e9risation sur le stand commun de la Rh\u00e9nanie du Nord-Westphalie.<\/p>\n\n\n\n<p>Pour <a rel=\"noreferrer noopener\" href=\"https:\/\/burckhardt.swiss\/fr\/batiment-denseignement-et-de-recherche-au-design-contemporain-sur-le-campus-de-luniversite-de-bonn\/\" target=\"_blank\">en savoir plus<\/a> sur le projet Allgemeine Verf\u00fcgungszentrum I.<\/p>\n\n\n\n<p><a href=\"https:\/\/exporeal.net\/de\/\" target=\"_blank\" rel=\"noreferrer noopener\">Plus d\u2019informations<\/a> sur l\u2019Expo Real 2023.<\/p>\n\n\n\n<figure class=\"wp-block-gallery has-nested-images columns-3 is-cropped wp-block-gallery-1 is-layout-flex wp-block-gallery-is-layout-flex\">\n<figure class=\"wp-block-image size-full\"><img loading=\"lazy\" decoding=\"async\" width=\"2638\" height=\"3519\" src=\"https:\/\/burckhardt.swiss\/app\/uploads\/2023\/10\/burckhardt-exporeal2023_3_bearb.jpg\" alt=\"\" class=\"wp-image-20141\" srcset=\"https:\/\/burckhardt.swiss\/app\/uploads\/2023\/10\/burckhardt-exporeal2023_3_bearb.jpg 2638w, https:\/\/burckhardt.swiss\/app\/uploads\/2023\/10\/burckhardt-exporeal2023_3_bearb-225x300.jpg 225w\" sizes=\"auto, (max-width: 2638px) 100vw, 2638px\" \/><\/figure>\n\n\n\n<figure class=\"wp-block-image size-full\"><img loading=\"lazy\" decoding=\"async\" width=\"3024\" height=\"4032\" src=\"https:\/\/burckhardt.swiss\/app\/uploads\/2023\/10\/burckhardt-exporeal2023_1.jpg\" alt=\"\" class=\"wp-image-20132\" srcset=\"https:\/\/burckhardt.swiss\/app\/uploads\/2023\/10\/burckhardt-exporeal2023_1.jpg 3024w, https:\/\/burckhardt.swiss\/app\/uploads\/2023\/10\/burckhardt-exporeal2023_1-225x300.jpg 225w\" sizes=\"auto, (max-width: 3024px) 100vw, 3024px\" \/><\/figure>\n\n\n\n<figure class=\"wp-block-image size-full\"><img loading=\"lazy\" decoding=\"async\" width=\"3024\" height=\"4032\" src=\"https:\/\/burckhardt.swiss\/app\/uploads\/2023\/10\/burckhardt-exporeal2023_2.jpg\" alt=\"\" class=\"wp-image-20136\" srcset=\"https:\/\/burckhardt.swiss\/app\/uploads\/2023\/10\/burckhardt-exporeal2023_2.jpg 3024w, https:\/\/burckhardt.swiss\/app\/uploads\/2023\/10\/burckhardt-exporeal2023_2-225x300.jpg 225w\" sizes=\"auto, (max-width: 3024px) 100vw, 3024px\" \/><\/figure>\n\n\n\n<figure class=\"wp-block-image size-full\"><img loading=\"lazy\" decoding=\"async\" width=\"1688\" height=\"2251\" src=\"https:\/\/burckhardt.swiss\/app\/uploads\/2023\/10\/burckhardt-exporeal2023_5_bearb.jpg\" alt=\"\" class=\"wp-image-20135\" srcset=\"https:\/\/burckhardt.swiss\/app\/uploads\/2023\/10\/burckhardt-exporeal2023_5_bearb.jpg 1688w, https:\/\/burckhardt.swiss\/app\/uploads\/2023\/10\/burckhardt-exporeal2023_5_bearb-225x300.jpg 225w, https:\/\/burckhardt.swiss\/app\/uploads\/2023\/10\/burckhardt-exporeal2023_5_bearb-768x1024.jpg 768w, https:\/\/burckhardt.swiss\/app\/uploads\/2023\/10\/burckhardt-exporeal2023_5_bearb-600x800.jpg 600w, https:\/\/burckhardt.swiss\/app\/uploads\/2023\/10\/burckhardt-exporeal2023_5_bearb-500x667.jpg 500w, https:\/\/burckhardt.swiss\/app\/uploads\/2023\/10\/burckhardt-exporeal2023_5_bearb-1000x1334.jpg 1000w, https:\/\/burckhardt.swiss\/app\/uploads\/2023\/10\/burckhardt-exporeal2023_5_bearb-700x933.jpg 700w, https:\/\/burckhardt.swiss\/app\/uploads\/2023\/10\/burckhardt-exporeal2023_5_bearb-1400x1867.jpg 1400w\" sizes=\"auto, (max-width: 1688px) 100vw, 1688px\" \/><\/figure>\n\n\n\n<figure class=\"wp-block-image size-full\"><img loading=\"lazy\" decoding=\"async\" width=\"2790\" height=\"3721\" src=\"https:\/\/burckhardt.swiss\/app\/uploads\/2023\/10\/burckhardt-exporeal2023_6_bearb.jpg\" alt=\"\" class=\"wp-image-20146\" srcset=\"https:\/\/burckhardt.swiss\/app\/uploads\/2023\/10\/burckhardt-exporeal2023_6_bearb.jpg 2790w, https:\/\/burckhardt.swiss\/app\/uploads\/2023\/10\/burckhardt-exporeal2023_6_bearb-225x300.jpg 225w, https:\/\/burckhardt.swiss\/app\/uploads\/2023\/10\/burckhardt-exporeal2023_6_bearb-768x1024.jpg 768w, https:\/\/burckhardt.swiss\/app\/uploads\/2023\/10\/burckhardt-exporeal2023_6_bearb-600x800.jpg 600w, https:\/\/burckhardt.swiss\/app\/uploads\/2023\/10\/burckhardt-exporeal2023_6_bearb-500x667.jpg 500w, https:\/\/burckhardt.swiss\/app\/uploads\/2023\/10\/burckhardt-exporeal2023_6_bearb-1000x1334.jpg 1000w, https:\/\/burckhardt.swiss\/app\/uploads\/2023\/10\/burckhardt-exporeal2023_6_bearb-700x934.jpg 700w, https:\/\/burckhardt.swiss\/app\/uploads\/2023\/10\/burckhardt-exporeal2023_6_bearb-1400x1867.jpg 1400w, https:\/\/burckhardt.swiss\/app\/uploads\/2023\/10\/burckhardt-exporeal2023_6_bearb-2000x2667.jpg 2000w\" sizes=\"auto, (max-width: 2790px) 100vw, 2790px\" \/><\/figure>\n\n\n\n<figure class=\"wp-block-image size-full\"><img loading=\"lazy\" decoding=\"async\" width=\"3024\" height=\"4032\" src=\"https:\/\/burckhardt.swiss\/app\/uploads\/2023\/10\/burckhardt-exporeal2023_4.jpg\" alt=\"\" class=\"wp-image-20144\" srcset=\"https:\/\/burckhardt.swiss\/app\/uploads\/2023\/10\/burckhardt-exporeal2023_4.jpg 3024w, https:\/\/burckhardt.swiss\/app\/uploads\/2023\/10\/burckhardt-exporeal2023_4-225x300.jpg 225w\" sizes=\"auto, (max-width: 3024px) 100vw, 3024px\" \/><\/figure>\n<\/figure>\n\n\n<div\n  id=\"block_50ecf3dac371e12449ce887ca22e998b\"\n  data-block_50ecf3dac371e12449ce887ca22e998b\n  class=\"o-flex o-flex--centered back align\"\n>\n  <a href=\"https:\/\/burckhardt.swiss\/fr\/?page_id=249\" class=\"u-arrow--left\" onclick=\"back(event)\">\n    retour\n  <\/a>\n<\/div>\n\n\n\n\n<div style=\"height:100px\" aria-hidden=\"true\" class=\"wp-block-spacer\"><\/div>\n<\/div>\n","protected":false},"excerpt":{"rendered":"<p>Les professionnels de l\u2019immobilier se retrouvent chaque ann\u00e9e au plus grand salon international de l\u2019immobilier et de l\u2019investissement en Europe. <\/p>\n","protected":false},"author":8,"featured_media":20183,"comment_status":"closed","ping_status":"closed","sticky":false,"template":"","format":"standard","meta":{"_acf_changed":false,"footnotes":""},"tags":[],"categories":[195],"locations":[89],"class_list":["post-19905","post","type-post","status-publish","format-standard","has-post-thumbnail","hentry","category-event-fr","location-berlin-fr"],"acf":[],"_links":{"self":[{"href":"https:\/\/burckhardt.swiss\/fr\/wp-json\/wp\/v2\/posts\/19905","targetHints":{"allow":["GET"]}}],"collection":[{"href":"https:\/\/burckhardt.swiss\/fr\/wp-json\/wp\/v2\/posts"}],"about":[{"href":"https:\/\/burckhardt.swiss\/fr\/wp-json\/wp\/v2\/types\/post"}],"author":[{"embeddable":true,"href":"https:\/\/burckhardt.swiss\/fr\/wp-json\/wp\/v2\/users\/8"}],"replies":[{"embeddable":true,"href":"https:\/\/burckhardt.swiss\/fr\/wp-json\/wp\/v2\/comments?post=19905"}],"version-history":[{"count":5,"href":"https:\/\/burckhardt.swiss\/fr\/wp-json\/wp\/v2\/posts\/19905\/revisions"}],"predecessor-version":[{"id":20170,"href":"https:\/\/burckhardt.swiss\/fr\/wp-json\/wp\/v2\/posts\/19905\/revisions\/20170"}],"wp:featuredmedia":[{"embeddable":true,"href":"https:\/\/burckhardt.swiss\/fr\/wp-json\/wp\/v2\/media\/20183"}],"wp:attachment":[{"href":"https:\/\/burckhardt.swiss\/fr\/wp-json\/wp\/v2\/media?parent=19905"}],"wp:term":[{"taxonomy":"post_tag","embeddable":true,"href":"https:\/\/burckhardt.swiss\/fr\/wp-json\/wp\/v2\/tags?post=19905"},{"taxonomy":"category","embeddable":true,"href":"https:\/\/burckhardt.swiss\/fr\/wp-json\/wp\/v2\/categories?post=19905"},{"taxonomy":"location","embeddable":true,"href":"https:\/\/burckhardt.swiss\/fr\/wp-json\/wp\/v2\/locations?post=19905"}],"curies":[{"name":"wp","href":"https:\/\/api.w.org\/{rel}","templated":true}]}}