{"id":19739,"date":"2023-10-05T10:06:37","date_gmt":"2023-10-05T08:06:37","guid":{"rendered":"https:\/\/burckhardt.swiss\/?p=19739"},"modified":"2023-10-05T10:49:10","modified_gmt":"2023-10-05T08:49:10","slug":"fete-du-bouquet-du-nouveau-batiment-de-linstitut-max-planck-de-physique-des-microstructures-a-halle-sur-saale","status":"publish","type":"post","link":"https:\/\/burckhardt.swiss\/fr\/fete-du-bouquet-du-nouveau-batiment-de-linstitut-max-planck-de-physique-des-microstructures-a-halle-sur-saale\/","title":{"rendered":"F\u00eate du bouquet du nouveau b\u00e2timent de l\u2019Institut Max Planck de physique des microstructures \u00e0 Halle-sur-Saale"},"content":{"rendered":"\n<div class=\"wp-block-group is-layout-constrained wp-container-core-group-is-layout-1 wp-block-group-is-layout-constrained\">\n<p><strong>Sur mandat de la Soci\u00e9t\u00e9 Max Planck, Burckhardt construit une extension de l\u2019Institut de physique des microstructures \u00e0 Halle-sur-Saale. Celle-ci abritera des laboratoires pour la recherche sur l\u2019informatique des g\u00e9n\u00e9rations futures. Le 4 octobre 2023, le bouquet a \u00e9t\u00e9 c\u00e9l\u00e9br\u00e9 sur le chantier.  <\/strong><\/p>\n\n\n\n<p>\u00abDe la m\u00eame mani\u00e8re que les trois volumes du nouveau b\u00e2timent et les trois fonctions de laboratoire, de bureau et de salle blanche s\u2019imbriquent logiquement, l\u2019espace int\u00e9rieur et l\u2019espace ext\u00e9rieur se rejoignent: l\u2019esplanade, le foyer et l\u2019atrium central constitueront un espace de rencontres et d\u2019\u00e9changes interdisciplinaires\u00bb, a expliqu\u00e9 Daria Grouhi, directrice de Burckhardt Berlin. Elle a \u00e9galement remerci\u00e9 toutes les personnes pr\u00e9sentes pour leur collaboration professionnelle et engag\u00e9e.<\/p>\n\n\n\n<p>Le campus de l\u2019Institut Max Planck de physique des microstructures \u00e0 Halle, qui fait partie d\u2019un vaste site d\u00e9di\u00e9 \u00e0 la science et \u00e0 la recherche, se densifie. Nous r\u00e9alisons une extension destin\u00e9e \u00e0 accueillir des laboratoires, une salle blanche et des bureaux, dont la livraison est pr\u00e9vue fin 2025. Apr\u00e8s ach\u00e8vement du squelette du gros \u0153uvre, les travaux se poursuivent sur l\u2019enveloppe et \u00e0 l\u2019int\u00e9rieur du b\u00e2timent. Pour les exp\u00e9riences men\u00e9es dans des laboratoires d\u00e9coupl\u00e9s, \u00e9quip\u00e9s de sas, de la zone de salle blanche d\u2019environ 700m<sup>\u00b2<\/sup>, nous appliquons un principe de pi\u00e8ce dans la pi\u00e8ce. D\u00e8s que les machines et les \u00e9quipements volumineux auront \u00e9t\u00e9 install\u00e9s, les ouvertures actuelles dans le futur corps aveugle du b\u00e2timent de laboratoires seront ferm\u00e9es.    <\/p>\n\n\n\n<p>\u00abAvec la f\u00eate de l&#8217;ach\u00e8vement du gros \u0153uvre, nous c\u00e9l\u00e9brons une \u00e9tape importante pour continuer \u00e0 fournir avec succ\u00e8s des contributions significatives \u00e0 la recherche sur des sujets fondamentaux et importants pour la soci\u00e9t\u00e9. Nous nous attendons \u00e0 de nouveaux concepts de traitement et de stockage des donn\u00e9es, inspir\u00e9s du fonctionnement du cerveau, qui conduiront \u00e0 des ordinateurs plus efficaces sur le plan \u00e9nerg\u00e9tique. Des temps passionnants nous attendent donc\u00bb, se r\u00e9jouit le Dr Dirk Sander, coordinateur scientifique de la construction de l&#8217;institut.<\/p>\n\n\n\n<p>\u00abAvec la construction du gros \u0153uvre, le projet prend forme et on peut d\u00e9j\u00e0 le deviner : Le positionnement sur le campus et les corps de b\u00e2timent marquants donnent naissance \u00e0 de nouveaux espaces offrant une grande qualit\u00e9 de s\u00e9jour \u2013 tant \u00e0 l&#8217;int\u00e9rieur qu&#8217;\u00e0 l&#8217;ext\u00e9rieur \u2013 et constituent ainsi une v\u00e9ritable carte de visite pour l&#8217;Institut de physique des microstructures\u00bb. Heike Kiko, responsable de l&#8217;unit\u00e9 Suivi des travaux III, d\u00e9partement Construction de recherche et infrastructure, Max-Planck-Gesellschaft, Munich<\/p>\n\n\n\n<p>Vous trouverez <a rel=\"noreferrer noopener\" href=\"https:\/\/www.mpi-halle.mpg.de\/neubau\" target=\"_blank\">ici<\/a> les informations actuelles sur le nouveau b\u00e2timent.<\/p>\n\n\n\n<p><strong>Utilisateur :<\/strong> <a href=\"https:\/\/www.mpi-halle.mpg.de\/startseite\" target=\"_blank\" rel=\"noreferrer noopener\">Max-Planck-Institut f\u00fcr Mikrostrukturphysik, Halle<\/a><br><strong>Ma\u00eetre d&#8217;ouvrage :<\/strong> <a href=\"https:\/\/www.mpg.de\/de\" target=\"_blank\" rel=\"noreferrer noopener\">Max-Planck-Gesellschaft, Munich<\/a><\/p>\n\n\n\n<figure class=\"wp-block-gallery has-nested-images columns-default is-cropped wp-block-gallery-1 is-layout-flex wp-block-gallery-is-layout-flex\">\n<figure class=\"wp-block-image size-full\"><img loading=\"lazy\" decoding=\"async\" width=\"2000\" height=\"3011\" src=\"https:\/\/burckhardt.swiss\/app\/uploads\/2023\/10\/burckhardt_MIKR_Halle_Richtfest3-rotated.jpg\" alt=\"\" class=\"wp-image-20038\" srcset=\"https:\/\/burckhardt.swiss\/app\/uploads\/2023\/10\/burckhardt_MIKR_Halle_Richtfest3-rotated.jpg 2000w, https:\/\/burckhardt.swiss\/app\/uploads\/2023\/10\/burckhardt_MIKR_Halle_Richtfest3-199x300.jpg 199w, https:\/\/burckhardt.swiss\/app\/uploads\/2023\/10\/burckhardt_MIKR_Halle_Richtfest3-680x1024.jpg 680w\" sizes=\"auto, (max-width: 2000px) 100vw, 2000px\" \/><\/figure>\n\n\n\n<figure class=\"wp-block-image size-full\"><img loading=\"lazy\" decoding=\"async\" width=\"2800\" height=\"1867\" src=\"https:\/\/burckhardt.swiss\/app\/uploads\/2023\/10\/burckhardt_MIKR_Halle_Richtfest2.jpg\" alt=\"\" class=\"wp-image-20032\" srcset=\"https:\/\/burckhardt.swiss\/app\/uploads\/2023\/10\/burckhardt_MIKR_Halle_Richtfest2.jpg 2800w, https:\/\/burckhardt.swiss\/app\/uploads\/2023\/10\/burckhardt_MIKR_Halle_Richtfest2-300x200.jpg 300w, https:\/\/burckhardt.swiss\/app\/uploads\/2023\/10\/burckhardt_MIKR_Halle_Richtfest2-1024x683.jpg 1024w, https:\/\/burckhardt.swiss\/app\/uploads\/2023\/10\/burckhardt_MIKR_Halle_Richtfest2-600x400.jpg 600w\" sizes=\"auto, (max-width: 2800px) 100vw, 2800px\" \/><\/figure>\n\n\n\n<figure class=\"wp-block-image size-full\"><img loading=\"lazy\" decoding=\"async\" width=\"2800\" height=\"3733\" src=\"https:\/\/burckhardt.swiss\/app\/uploads\/2023\/10\/burckhardt_MIKR_Halle_Richtfest5.jpg\" alt=\"\" class=\"wp-image-20035\" srcset=\"https:\/\/burckhardt.swiss\/app\/uploads\/2023\/10\/burckhardt_MIKR_Halle_Richtfest5.jpg 2800w, https:\/\/burckhardt.swiss\/app\/uploads\/2023\/10\/burckhardt_MIKR_Halle_Richtfest5-225x300.jpg 225w\" sizes=\"auto, (max-width: 2800px) 100vw, 2800px\" \/><\/figure>\n\n\n\n<figure class=\"wp-block-image size-full\"><img loading=\"lazy\" decoding=\"async\" width=\"2400\" height=\"3200\" src=\"https:\/\/burckhardt.swiss\/app\/uploads\/2023\/10\/burckhardt_MIKR_Halle_Richtfest9.jpg\" alt=\"\" class=\"wp-image-20051\" srcset=\"https:\/\/burckhardt.swiss\/app\/uploads\/2023\/10\/burckhardt_MIKR_Halle_Richtfest9.jpg 2400w, https:\/\/burckhardt.swiss\/app\/uploads\/2023\/10\/burckhardt_MIKR_Halle_Richtfest9-225x300.jpg 225w\" sizes=\"auto, (max-width: 2400px) 100vw, 2400px\" \/><\/figure>\n\n\n\n<figure class=\"wp-block-image size-full\"><img loading=\"lazy\" decoding=\"async\" width=\"2200\" height=\"2933\" src=\"https:\/\/burckhardt.swiss\/app\/uploads\/2023\/10\/burckhardt_MIKR_Halle_Richtfest7.jpg\" alt=\"\" class=\"wp-image-20045\" srcset=\"https:\/\/burckhardt.swiss\/app\/uploads\/2023\/10\/burckhardt_MIKR_Halle_Richtfest7.jpg 2200w, https:\/\/burckhardt.swiss\/app\/uploads\/2023\/10\/burckhardt_MIKR_Halle_Richtfest7-225x300.jpg 225w, https:\/\/burckhardt.swiss\/app\/uploads\/2023\/10\/burckhardt_MIKR_Halle_Richtfest7-768x1024.jpg 768w\" sizes=\"auto, (max-width: 2200px) 100vw, 2200px\" \/><\/figure>\n\n\n\n<figure class=\"wp-block-image size-full\"><img loading=\"lazy\" decoding=\"async\" width=\"3200\" height=\"2400\" src=\"https:\/\/burckhardt.swiss\/app\/uploads\/2023\/10\/burckhardt_MIKR_Halle_Richtfest4.jpg\" alt=\"\" class=\"wp-image-20044\" srcset=\"https:\/\/burckhardt.swiss\/app\/uploads\/2023\/10\/burckhardt_MIKR_Halle_Richtfest4.jpg 3200w, https:\/\/burckhardt.swiss\/app\/uploads\/2023\/10\/burckhardt_MIKR_Halle_Richtfest4-300x225.jpg 300w\" sizes=\"auto, (max-width: 3200px) 100vw, 3200px\" \/><\/figure>\n\n\n\n<figure class=\"wp-block-image size-full\"><img loading=\"lazy\" decoding=\"async\" width=\"3000\" height=\"2250\" src=\"https:\/\/burckhardt.swiss\/app\/uploads\/2023\/10\/burckhardt_MIKR_Halle_Richtfest10.jpg\" alt=\"\" class=\"wp-image-20056\" srcset=\"https:\/\/burckhardt.swiss\/app\/uploads\/2023\/10\/burckhardt_MIKR_Halle_Richtfest10.jpg 3000w, https:\/\/burckhardt.swiss\/app\/uploads\/2023\/10\/burckhardt_MIKR_Halle_Richtfest10-300x225.jpg 300w, https:\/\/burckhardt.swiss\/app\/uploads\/2023\/10\/burckhardt_MIKR_Halle_Richtfest10-1024x768.jpg 1024w, https:\/\/burckhardt.swiss\/app\/uploads\/2023\/10\/burckhardt_MIKR_Halle_Richtfest10-600x450.jpg 600w, https:\/\/burckhardt.swiss\/app\/uploads\/2023\/10\/burckhardt_MIKR_Halle_Richtfest10-500x375.jpg 500w, https:\/\/burckhardt.swiss\/app\/uploads\/2023\/10\/burckhardt_MIKR_Halle_Richtfest10-1000x750.jpg 1000w, https:\/\/burckhardt.swiss\/app\/uploads\/2023\/10\/burckhardt_MIKR_Halle_Richtfest10-700x525.jpg 700w, https:\/\/burckhardt.swiss\/app\/uploads\/2023\/10\/burckhardt_MIKR_Halle_Richtfest10-1400x1050.jpg 1400w, https:\/\/burckhardt.swiss\/app\/uploads\/2023\/10\/burckhardt_MIKR_Halle_Richtfest10-2000x1500.jpg 2000w\" sizes=\"auto, (max-width: 3000px) 100vw, 3000px\" \/><\/figure>\n\n\n\n<figure class=\"wp-block-image size-full\"><img loading=\"lazy\" decoding=\"async\" width=\"2600\" height=\"3467\" src=\"https:\/\/burckhardt.swiss\/app\/uploads\/2023\/10\/burckhardt_MIKR_Halle_Richtfest11.jpg\" alt=\"\" class=\"wp-image-20061\" srcset=\"https:\/\/burckhardt.swiss\/app\/uploads\/2023\/10\/burckhardt_MIKR_Halle_Richtfest11.jpg 2600w, https:\/\/burckhardt.swiss\/app\/uploads\/2023\/10\/burckhardt_MIKR_Halle_Richtfest11-225x300.jpg 225w\" sizes=\"auto, (max-width: 2600px) 100vw, 2600px\" \/><\/figure>\n\n\n\n<figure class=\"wp-block-image size-full\"><img loading=\"lazy\" decoding=\"async\" width=\"2200\" height=\"2933\" src=\"https:\/\/burckhardt.swiss\/app\/uploads\/2023\/10\/burckhardt_MIKR_Halle_Richtfest8-rotated.jpg\" alt=\"\" class=\"wp-image-20050\" srcset=\"https:\/\/burckhardt.swiss\/app\/uploads\/2023\/10\/burckhardt_MIKR_Halle_Richtfest8-rotated.jpg 2200w, https:\/\/burckhardt.swiss\/app\/uploads\/2023\/10\/burckhardt_MIKR_Halle_Richtfest8-225x300.jpg 225w, https:\/\/burckhardt.swiss\/app\/uploads\/2023\/10\/burckhardt_MIKR_Halle_Richtfest8-768x1024.jpg 768w, https:\/\/burckhardt.swiss\/app\/uploads\/2023\/10\/burckhardt_MIKR_Halle_Richtfest8-600x800.jpg 600w, https:\/\/burckhardt.swiss\/app\/uploads\/2023\/10\/burckhardt_MIKR_Halle_Richtfest8-500x667.jpg 500w, https:\/\/burckhardt.swiss\/app\/uploads\/2023\/10\/burckhardt_MIKR_Halle_Richtfest8-1000x1333.jpg 1000w\" sizes=\"auto, (max-width: 2200px) 100vw, 2200px\" \/><\/figure>\n\n\n\n<figure class=\"wp-block-image size-full\"><img loading=\"lazy\" decoding=\"async\" width=\"4600\" height=\"3427\" src=\"https:\/\/burckhardt.swiss\/app\/uploads\/2023\/10\/burckhardt_MIKR_Halle_Richtfest6.jpg\" alt=\"\" class=\"wp-image-20036\" srcset=\"https:\/\/burckhardt.swiss\/app\/uploads\/2023\/10\/burckhardt_MIKR_Halle_Richtfest6.jpg 4600w, https:\/\/burckhardt.swiss\/app\/uploads\/2023\/10\/burckhardt_MIKR_Halle_Richtfest6-300x224.jpg 300w\" sizes=\"auto, (max-width: 4600px) 100vw, 4600px\" \/><\/figure>\n<\/figure>\n\n\n\n<figure class=\"wp-block-image size-full\"><img loading=\"lazy\" decoding=\"async\" width=\"2200\" height=\"2929\" src=\"https:\/\/burckhardt.swiss\/app\/uploads\/2023\/10\/burckhardt_MIKR_Halle_Richtfest12.jpg\" alt=\"\" class=\"wp-image-20059\" srcset=\"https:\/\/burckhardt.swiss\/app\/uploads\/2023\/10\/burckhardt_MIKR_Halle_Richtfest12.jpg 2200w, https:\/\/burckhardt.swiss\/app\/uploads\/2023\/10\/burckhardt_MIKR_Halle_Richtfest12-225x300.jpg 225w, https:\/\/burckhardt.swiss\/app\/uploads\/2023\/10\/burckhardt_MIKR_Halle_Richtfest12-769x1024.jpg 769w, https:\/\/burckhardt.swiss\/app\/uploads\/2023\/10\/burckhardt_MIKR_Halle_Richtfest12-600x799.jpg 600w, https:\/\/burckhardt.swiss\/app\/uploads\/2023\/10\/burckhardt_MIKR_Halle_Richtfest12-500x666.jpg 500w, https:\/\/burckhardt.swiss\/app\/uploads\/2023\/10\/burckhardt_MIKR_Halle_Richtfest12-1000x1331.jpg 1000w, https:\/\/burckhardt.swiss\/app\/uploads\/2023\/10\/burckhardt_MIKR_Halle_Richtfest12-700x932.jpg 700w, https:\/\/burckhardt.swiss\/app\/uploads\/2023\/10\/burckhardt_MIKR_Halle_Richtfest12-1400x1864.jpg 1400w, https:\/\/burckhardt.swiss\/app\/uploads\/2023\/10\/burckhardt_MIKR_Halle_Richtfest12-2000x2663.jpg 2000w\" sizes=\"auto, (max-width: 2200px) 100vw, 2200px\" \/><\/figure>\n\n\n\n<div style=\"height:100px\" aria-hidden=\"true\" class=\"wp-block-spacer\"><\/div>\n\n\n<div\n  id=\"block_b4446cf6234ae5daa3ed565f744cccc0\"\n  data-block_b4446cf6234ae5daa3ed565f744cccc0\n  class=\"o-flex o-flex--centered back align\"\n>\n  <a href=\"https:\/\/burckhardt.swiss\/fr\/?page_id=249\" class=\"u-arrow--left\" onclick=\"back(event)\">\n    retour\n  <\/a>\n<\/div>\n\n\n\n\n<div style=\"height:100px\" aria-hidden=\"true\" class=\"wp-block-spacer\"><\/div>\n<\/div>\n","protected":false},"excerpt":{"rendered":"<p>Sur mandat de la Soci\u00e9t\u00e9 Max Planck, Burckhardt construit une extension de l\u2019Institut de physique des microstructures \u00e0 Halle-sur-Saale.<\/p>\n","protected":false},"author":8,"featured_media":20031,"comment_status":"closed","ping_status":"closed","sticky":false,"template":"","format":"standard","meta":{"_acf_changed":false,"footnotes":""},"tags":[],"categories":[195],"locations":[89],"class_list":["post-19739","post","type-post","status-publish","format-standard","has-post-thumbnail","hentry","category-event-fr","location-berlin-fr"],"acf":[],"_links":{"self":[{"href":"https:\/\/burckhardt.swiss\/fr\/wp-json\/wp\/v2\/posts\/19739","targetHints":{"allow":["GET"]}}],"collection":[{"href":"https:\/\/burckhardt.swiss\/fr\/wp-json\/wp\/v2\/posts"}],"about":[{"href":"https:\/\/burckhardt.swiss\/fr\/wp-json\/wp\/v2\/types\/post"}],"author":[{"embeddable":true,"href":"https:\/\/burckhardt.swiss\/fr\/wp-json\/wp\/v2\/users\/8"}],"replies":[{"embeddable":true,"href":"https:\/\/burckhardt.swiss\/fr\/wp-json\/wp\/v2\/comments?post=19739"}],"version-history":[{"count":7,"href":"https:\/\/burckhardt.swiss\/fr\/wp-json\/wp\/v2\/posts\/19739\/revisions"}],"predecessor-version":[{"id":20111,"href":"https:\/\/burckhardt.swiss\/fr\/wp-json\/wp\/v2\/posts\/19739\/revisions\/20111"}],"wp:featuredmedia":[{"embeddable":true,"href":"https:\/\/burckhardt.swiss\/fr\/wp-json\/wp\/v2\/media\/20031"}],"wp:attachment":[{"href":"https:\/\/burckhardt.swiss\/fr\/wp-json\/wp\/v2\/media?parent=19739"}],"wp:term":[{"taxonomy":"post_tag","embeddable":true,"href":"https:\/\/burckhardt.swiss\/fr\/wp-json\/wp\/v2\/tags?post=19739"},{"taxonomy":"category","embeddable":true,"href":"https:\/\/burckhardt.swiss\/fr\/wp-json\/wp\/v2\/categories?post=19739"},{"taxonomy":"location","embeddable":true,"href":"https:\/\/burckhardt.swiss\/fr\/wp-json\/wp\/v2\/locations?post=19739"}],"curies":[{"name":"wp","href":"https:\/\/api.w.org\/{rel}","templated":true}]}}