{"id":18998,"date":"2023-09-13T10:48:00","date_gmt":"2023-09-13T08:48:00","guid":{"rendered":"https:\/\/burckhardt.swiss\/?p=18998"},"modified":"2023-09-13T14:48:21","modified_gmt":"2023-09-13T12:48:21","slug":"evenement-hochparterre-a-velo-electrique-jusquau-siege-de-coop","status":"publish","type":"post","link":"https:\/\/burckhardt.swiss\/fr\/evenement-hochparterre-a-velo-electrique-jusquau-siege-de-coop\/","title":{"rendered":"\u00c9v\u00e9nement Hochparterre: \u00e0 v\u00e9lo \u00e9lectrique jusqu\u2019au si\u00e8ge de Coop"},"content":{"rendered":"\n<div class=\"wp-block-group is-layout-constrained wp-container-core-group-is-layout-1 wp-block-group-is-layout-constrained\">\n<p>A l\u2019occasion d\u2019un tour \u00e0 v\u00e9lo \u00e9lectrique organis\u00e9 par <a rel=\"noreferrer noopener\" href=\"https:\/\/www.hochparterre.ch\/\" target=\"_blank\">Hochparterre<\/a> pour faire d\u00e9couvrir une s\u00e9lection de b\u00e2timents solaires, Martin Kinder, architecte chez Burckhardt, a pr\u00e9sent\u00e9 le si\u00e8ge de Coop \u00e0 B\u00e2le. \u00abC\u2019\u00e9tait enrichissant d\u2019exposer notre projet \u00e0 un public aussi comp\u00e9tent et int\u00e9ress\u00e9\u00bb, explique-t-il.<\/p>\n\n\n\n<p>La fa\u00e7ade solaire de la tour a d\u00e9j\u00e0 \u00e9t\u00e9 r\u00e9compens\u00e9e \u00e0 plusieurs reprises et le projet a \u00e0 nouveau trouv\u00e9 un \u00e9cho m\u00e9diatique dans le cahier th\u00e9matique Solaris #08.<\/p>\n\n\n\n<p>Martin Kinder et Axel Simon, r\u00e9dacteur de Hochparterre, se sont entretenus avec des participant\u00b7e\u00b7s tri\u00e9\u00b7e\u00b7s sur le volet de la conception de la fa\u00e7ade, de la qualit\u00e9 architecturale et des chiffres \u00e9nerg\u00e9tiques du si\u00e8ge de Coop. Chez Burckhardt, nous avons eu grand plaisir \u00e0 participer \u00e0 cet \u00e9v\u00e9nement durable et exclusif!<\/p>\n\n\n\n<p>En savoir plus sur le <a rel=\"noreferrer noopener\" href=\"https:\/\/www.hochparterre.ch\/nachrichten\/architektur\/e-bike-tour-durchs-solare-basel?tx_hochparterreblog_pi1%5Btitle%5D=20917&amp;cHash=e21403d377f909c3e38a52cedd110538\" target=\"_blank\">tour \u00e0 v\u00e9lo \u00e9lectrique de Hochparterre<\/a>.<br>Lire le <a href=\"https:\/\/issuu.com\/hochparterre\/docs\/hochparterre_solaris_08_f_2023?fr=sZmE0OTYyODA3ODI\" target=\"_blank\" rel=\"noreferrer noopener\">cahier th\u00e9matique #08 de Solaris<\/a>.<br>En savoir plus sur l\u2019<a rel=\"noreferrer noopener\" href=\"https:\/\/burckhardt.swiss\/fr\/project\/siege-de-coop-th12\/\" target=\"_blank\">architecture du si\u00e8ge de Coop<\/a>.<\/p>\n\n\n\n<figure class=\"wp-block-gallery has-nested-images columns-2 is-cropped wp-block-gallery-1 is-layout-flex wp-block-gallery-is-layout-flex\">\n<figure class=\"wp-block-image size-full\"><img loading=\"lazy\" decoding=\"async\" width=\"2048\" height=\"1365\" src=\"https:\/\/burckhardt.swiss\/app\/uploads\/2023\/09\/burckhardt_hochparterre_e-bike-tour-03.jpg\" alt=\"\" class=\"wp-image-19006\" srcset=\"https:\/\/burckhardt.swiss\/app\/uploads\/2023\/09\/burckhardt_hochparterre_e-bike-tour-03.jpg 2048w, https:\/\/burckhardt.swiss\/app\/uploads\/2023\/09\/burckhardt_hochparterre_e-bike-tour-03-300x200.jpg 300w, https:\/\/burckhardt.swiss\/app\/uploads\/2023\/09\/burckhardt_hochparterre_e-bike-tour-03-1024x683.jpg 1024w, https:\/\/burckhardt.swiss\/app\/uploads\/2023\/09\/burckhardt_hochparterre_e-bike-tour-03-600x400.jpg 600w, https:\/\/burckhardt.swiss\/app\/uploads\/2023\/09\/burckhardt_hochparterre_e-bike-tour-03-500x333.jpg 500w, https:\/\/burckhardt.swiss\/app\/uploads\/2023\/09\/burckhardt_hochparterre_e-bike-tour-03-1000x667.jpg 1000w, https:\/\/burckhardt.swiss\/app\/uploads\/2023\/09\/burckhardt_hochparterre_e-bike-tour-03-700x467.jpg 700w, https:\/\/burckhardt.swiss\/app\/uploads\/2023\/09\/burckhardt_hochparterre_e-bike-tour-03-1400x933.jpg 1400w, https:\/\/burckhardt.swiss\/app\/uploads\/2023\/09\/burckhardt_hochparterre_e-bike-tour-03-2000x1333.jpg 2000w\" sizes=\"auto, (max-width: 2048px) 100vw, 2048px\" \/><\/figure>\n\n\n\n<figure class=\"wp-block-image size-full\"><img loading=\"lazy\" decoding=\"async\" width=\"2048\" height=\"1365\" src=\"https:\/\/burckhardt.swiss\/app\/uploads\/2023\/09\/burckhardt_hochparterre_e-bike-tour-09.jpg\" alt=\"\" class=\"wp-image-19001\" srcset=\"https:\/\/burckhardt.swiss\/app\/uploads\/2023\/09\/burckhardt_hochparterre_e-bike-tour-09.jpg 2048w, https:\/\/burckhardt.swiss\/app\/uploads\/2023\/09\/burckhardt_hochparterre_e-bike-tour-09-300x200.jpg 300w, https:\/\/burckhardt.swiss\/app\/uploads\/2023\/09\/burckhardt_hochparterre_e-bike-tour-09-1024x683.jpg 1024w, https:\/\/burckhardt.swiss\/app\/uploads\/2023\/09\/burckhardt_hochparterre_e-bike-tour-09-600x400.jpg 600w, https:\/\/burckhardt.swiss\/app\/uploads\/2023\/09\/burckhardt_hochparterre_e-bike-tour-09-500x333.jpg 500w, https:\/\/burckhardt.swiss\/app\/uploads\/2023\/09\/burckhardt_hochparterre_e-bike-tour-09-1000x667.jpg 1000w, https:\/\/burckhardt.swiss\/app\/uploads\/2023\/09\/burckhardt_hochparterre_e-bike-tour-09-700x467.jpg 700w, https:\/\/burckhardt.swiss\/app\/uploads\/2023\/09\/burckhardt_hochparterre_e-bike-tour-09-1400x933.jpg 1400w, https:\/\/burckhardt.swiss\/app\/uploads\/2023\/09\/burckhardt_hochparterre_e-bike-tour-09-2000x1333.jpg 2000w\" sizes=\"auto, (max-width: 2048px) 100vw, 2048px\" \/><\/figure>\n\n\n\n<figure class=\"wp-block-image size-full\"><img loading=\"lazy\" decoding=\"async\" width=\"2000\" height=\"1333\" src=\"https:\/\/burckhardt.swiss\/app\/uploads\/2023\/09\/burckhardt_hochparterre_e-bike-tour-01.jpg\" alt=\"\" class=\"wp-image-19003\" srcset=\"https:\/\/burckhardt.swiss\/app\/uploads\/2023\/09\/burckhardt_hochparterre_e-bike-tour-01.jpg 2000w, https:\/\/burckhardt.swiss\/app\/uploads\/2023\/09\/burckhardt_hochparterre_e-bike-tour-01-300x200.jpg 300w, https:\/\/burckhardt.swiss\/app\/uploads\/2023\/09\/burckhardt_hochparterre_e-bike-tour-01-1024x682.jpg 1024w, https:\/\/burckhardt.swiss\/app\/uploads\/2023\/09\/burckhardt_hochparterre_e-bike-tour-01-600x400.jpg 600w, https:\/\/burckhardt.swiss\/app\/uploads\/2023\/09\/burckhardt_hochparterre_e-bike-tour-01-500x333.jpg 500w, https:\/\/burckhardt.swiss\/app\/uploads\/2023\/09\/burckhardt_hochparterre_e-bike-tour-01-1000x667.jpg 1000w, https:\/\/burckhardt.swiss\/app\/uploads\/2023\/09\/burckhardt_hochparterre_e-bike-tour-01-700x467.jpg 700w, https:\/\/burckhardt.swiss\/app\/uploads\/2023\/09\/burckhardt_hochparterre_e-bike-tour-01-1400x933.jpg 1400w\" sizes=\"auto, (max-width: 2000px) 100vw, 2000px\" \/><\/figure>\n\n\n\n<figure class=\"wp-block-image size-full\"><img loading=\"lazy\" decoding=\"async\" width=\"2000\" height=\"3001\" src=\"https:\/\/burckhardt.swiss\/app\/uploads\/2023\/09\/burckhardt_hochparterre_e-bike-tour-24.jpg\" alt=\"\" class=\"wp-image-19016\" srcset=\"https:\/\/burckhardt.swiss\/app\/uploads\/2023\/09\/burckhardt_hochparterre_e-bike-tour-24.jpg 2000w, https:\/\/burckhardt.swiss\/app\/uploads\/2023\/09\/burckhardt_hochparterre_e-bike-tour-24-200x300.jpg 200w, https:\/\/burckhardt.swiss\/app\/uploads\/2023\/09\/burckhardt_hochparterre_e-bike-tour-24-682x1024.jpg 682w\" sizes=\"auto, (max-width: 2000px) 100vw, 2000px\" \/><\/figure>\n\n\n\n<figure class=\"wp-block-image size-full\"><img loading=\"lazy\" decoding=\"async\" width=\"1800\" height=\"2701\" src=\"https:\/\/burckhardt.swiss\/app\/uploads\/2023\/09\/burckhardt_hochparterre_e-bike-tour-25.jpg\" alt=\"\" class=\"wp-image-19010\" srcset=\"https:\/\/burckhardt.swiss\/app\/uploads\/2023\/09\/burckhardt_hochparterre_e-bike-tour-25.jpg 1800w, https:\/\/burckhardt.swiss\/app\/uploads\/2023\/09\/burckhardt_hochparterre_e-bike-tour-25-200x300.jpg 200w, https:\/\/burckhardt.swiss\/app\/uploads\/2023\/09\/burckhardt_hochparterre_e-bike-tour-25-682x1024.jpg 682w, https:\/\/burckhardt.swiss\/app\/uploads\/2023\/09\/burckhardt_hochparterre_e-bike-tour-25-600x900.jpg 600w, https:\/\/burckhardt.swiss\/app\/uploads\/2023\/09\/burckhardt_hochparterre_e-bike-tour-25-500x750.jpg 500w, https:\/\/burckhardt.swiss\/app\/uploads\/2023\/09\/burckhardt_hochparterre_e-bike-tour-25-1000x1501.jpg 1000w, https:\/\/burckhardt.swiss\/app\/uploads\/2023\/09\/burckhardt_hochparterre_e-bike-tour-25-700x1050.jpg 700w, https:\/\/burckhardt.swiss\/app\/uploads\/2023\/09\/burckhardt_hochparterre_e-bike-tour-25-1400x2101.jpg 1400w\" sizes=\"auto, (max-width: 1800px) 100vw, 1800px\" \/><\/figure>\n<\/figure>\n\n\n<div\n  id=\"block_573dba45dcaa52d0694f9a2ebb0f1a22\"\n  data-block_573dba45dcaa52d0694f9a2ebb0f1a22\n  class=\"o-flex o-flex--centered back align\"\n>\n  <a href=\"https:\/\/burckhardt.swiss\/fr\/?page_id=249\" class=\"u-arrow--left\" onclick=\"back(event)\">\n    retour\n  <\/a>\n<\/div>\n\n\n\n\n<div style=\"height:100px\" aria-hidden=\"true\" class=\"wp-block-spacer\"><\/div>\n<\/div>\n","protected":false},"excerpt":{"rendered":"<p>\u00c0 l\u2019occasion d\u2019un tour \u00e0 v\u00e9lo \u00e9lectrique organis\u00e9 par Hochparterre pour faire d\u00e9couvrir une s\u00e9lection de b\u00e2timents solaires \u00e0 B\u00e2le.<\/p>\n","protected":false},"author":8,"featured_media":19015,"comment_status":"closed","ping_status":"closed","sticky":false,"template":"","format":"standard","meta":{"_acf_changed":false,"footnotes":""},"tags":[],"categories":[195],"locations":[95],"class_list":["post-18998","post","type-post","status-publish","format-standard","has-post-thumbnail","hentry","category-event-fr","location-bale"],"acf":[],"_links":{"self":[{"href":"https:\/\/burckhardt.swiss\/fr\/wp-json\/wp\/v2\/posts\/18998","targetHints":{"allow":["GET"]}}],"collection":[{"href":"https:\/\/burckhardt.swiss\/fr\/wp-json\/wp\/v2\/posts"}],"about":[{"href":"https:\/\/burckhardt.swiss\/fr\/wp-json\/wp\/v2\/types\/post"}],"author":[{"embeddable":true,"href":"https:\/\/burckhardt.swiss\/fr\/wp-json\/wp\/v2\/users\/8"}],"replies":[{"embeddable":true,"href":"https:\/\/burckhardt.swiss\/fr\/wp-json\/wp\/v2\/comments?post=18998"}],"version-history":[{"count":6,"href":"https:\/\/burckhardt.swiss\/fr\/wp-json\/wp\/v2\/posts\/18998\/revisions"}],"predecessor-version":[{"id":19032,"href":"https:\/\/burckhardt.swiss\/fr\/wp-json\/wp\/v2\/posts\/18998\/revisions\/19032"}],"wp:featuredmedia":[{"embeddable":true,"href":"https:\/\/burckhardt.swiss\/fr\/wp-json\/wp\/v2\/media\/19015"}],"wp:attachment":[{"href":"https:\/\/burckhardt.swiss\/fr\/wp-json\/wp\/v2\/media?parent=18998"}],"wp:term":[{"taxonomy":"post_tag","embeddable":true,"href":"https:\/\/burckhardt.swiss\/fr\/wp-json\/wp\/v2\/tags?post=18998"},{"taxonomy":"category","embeddable":true,"href":"https:\/\/burckhardt.swiss\/fr\/wp-json\/wp\/v2\/categories?post=18998"},{"taxonomy":"location","embeddable":true,"href":"https:\/\/burckhardt.swiss\/fr\/wp-json\/wp\/v2\/locations?post=18998"}],"curies":[{"name":"wp","href":"https:\/\/api.w.org\/{rel}","templated":true}]}}