{"id":15359,"date":"2023-05-26T08:42:33","date_gmt":"2023-05-26T06:42:33","guid":{"rendered":"https:\/\/burckhardt.swiss\/?p=15359"},"modified":"2023-05-26T08:42:52","modified_gmt":"2023-05-26T06:42:52","slug":"fete-du-bouquet-pour-le-lotissement-hinterkirch-reinach","status":"publish","type":"post","link":"https:\/\/burckhardt.swiss\/fr\/fete-du-bouquet-pour-le-lotissement-hinterkirch-reinach\/","title":{"rendered":"F\u00eate du bouquet pour le lotissement Hinterkirch, Reinach"},"content":{"rendered":"\n<div class=\"wp-block-group is-layout-constrained wp-container-core-group-is-layout-1 wp-block-group-is-layout-constrained\">\n<p>Apr\u00e8s environ 8 ans de planification et de construction, le moment est venu : la f\u00eate du bouquet Hinterkirch a pos\u00e9 la premi\u00e8re pierre de l&#8217;ouverture du nouveau lotissement r\u00e9sidentiel \u00e0 Reinach, qui donnera une nouvelle vie \u00e0 l&#8217;ancien site d&#8217;un fabricant de tubes.<\/p>\n\n\n\n<p>Environ 400 invit\u00e9s ont r\u00e9pondu \u00e0 l&#8217;invitation de Burckhardt. Outre les repr\u00e9sentants des entreprises et des autorit\u00e9s impliqu\u00e9es, des propri\u00e9taires, des voisins et le conseil municipal de Reinach \u00e9taient pr\u00e9sents. Apr\u00e8s une partie officielle avec des discours, le groupe de majorettes et de danse de spectacle \u00ab The Starlights \u00bb a enthousiasm\u00e9 le public. L&#8217;animation musicale a \u00e9t\u00e9 assur\u00e9e par le groupe Black Box Music.<\/p>\n\n\n\n<p>\u00ab Nous nous r\u00e9jouissons de l&#8217;espace d&#8217;habitation cr\u00e9\u00e9 au centre de Reinach. Il ne s&#8217;agit pas seulement d&#8217;un nouveau lotissement, mais d&#8217;un quartier vivant avec des jardins et des lieux de retraite pour que petits et grands puissent vivre ensemble. \u00bb Melchior Buchs, pr\u00e9sident de la commune de Reinach.<\/p>\n\n\n\n<p>Les 8 immeubles collectifs avec un total de 87 logements offrent une qualit\u00e9 d&#8217;habitat vari\u00e9e et de qualit\u00e9. Le projet architectural Hinterkirch de Burckhardt a \u00e9t\u00e9 con\u00e7u en coop\u00e9ration avec la ville de Reinach, des architectes paysagistes et des sociologues. <\/p>\n\n\n\n<p><a href=\"https:\/\/www.hinterkirch.ch\/\" target=\"_blank\" rel=\"noreferrer noopener\">Plus d&#8217;informations sur le projet Hinterkirch Reinach<\/a><\/p>\n\n\n\n<div style=\"height:100px\" aria-hidden=\"true\" class=\"wp-block-spacer\"><\/div>\n\n\n\n<figure class=\"wp-block-gallery has-nested-images columns-default is-cropped wp-block-gallery-1 is-layout-flex wp-block-gallery-is-layout-flex\">\n<figure class=\"wp-block-image size-large\"><img loading=\"lazy\" decoding=\"async\" width=\"1024\" height=\"682\" src=\"https:\/\/burckhardt.swiss\/app\/uploads\/2023\/05\/Review-News-Hinterkirch-001-1024x682.jpg\" alt=\"\" class=\"wp-image-15569\" srcset=\"https:\/\/burckhardt.swiss\/app\/uploads\/2023\/05\/Review-News-Hinterkirch-001-1024x682.jpg 1024w, https:\/\/burckhardt.swiss\/app\/uploads\/2023\/05\/Review-News-Hinterkirch-001-300x200.jpg 300w, https:\/\/burckhardt.swiss\/app\/uploads\/2023\/05\/Review-News-Hinterkirch-001-600x399.jpg 600w, https:\/\/burckhardt.swiss\/app\/uploads\/2023\/05\/Review-News-Hinterkirch-001-500x333.jpg 500w, https:\/\/burckhardt.swiss\/app\/uploads\/2023\/05\/Review-News-Hinterkirch-001-1000x666.jpg 1000w, https:\/\/burckhardt.swiss\/app\/uploads\/2023\/05\/Review-News-Hinterkirch-001-700x466.jpg 700w, https:\/\/burckhardt.swiss\/app\/uploads\/2023\/05\/Review-News-Hinterkirch-001-1400x932.jpg 1400w, https:\/\/burckhardt.swiss\/app\/uploads\/2023\/05\/Review-News-Hinterkirch-001.jpg 1600w\" sizes=\"auto, (max-width: 1024px) 100vw, 1024px\" \/><\/figure>\n\n\n\n<figure class=\"wp-block-image size-large\"><img loading=\"lazy\" decoding=\"async\" width=\"1024\" height=\"682\" src=\"https:\/\/burckhardt.swiss\/app\/uploads\/2023\/05\/Review-News-Hinterkirch-003-1024x682.jpg\" alt=\"\" class=\"wp-image-15562\" srcset=\"https:\/\/burckhardt.swiss\/app\/uploads\/2023\/05\/Review-News-Hinterkirch-003-1024x682.jpg 1024w, https:\/\/burckhardt.swiss\/app\/uploads\/2023\/05\/Review-News-Hinterkirch-003-300x200.jpg 300w, https:\/\/burckhardt.swiss\/app\/uploads\/2023\/05\/Review-News-Hinterkirch-003-600x399.jpg 600w, https:\/\/burckhardt.swiss\/app\/uploads\/2023\/05\/Review-News-Hinterkirch-003-500x333.jpg 500w, https:\/\/burckhardt.swiss\/app\/uploads\/2023\/05\/Review-News-Hinterkirch-003-1000x666.jpg 1000w, https:\/\/burckhardt.swiss\/app\/uploads\/2023\/05\/Review-News-Hinterkirch-003-700x466.jpg 700w, https:\/\/burckhardt.swiss\/app\/uploads\/2023\/05\/Review-News-Hinterkirch-003-1400x932.jpg 1400w, https:\/\/burckhardt.swiss\/app\/uploads\/2023\/05\/Review-News-Hinterkirch-003.jpg 1600w\" sizes=\"auto, (max-width: 1024px) 100vw, 1024px\" \/><\/figure>\n\n\n\n<figure class=\"wp-block-image size-large\"><img loading=\"lazy\" decoding=\"async\" width=\"1024\" height=\"682\" src=\"https:\/\/burckhardt.swiss\/app\/uploads\/2023\/05\/Review-News-Hinterkirch-013-1024x682.jpg\" alt=\"\" class=\"wp-image-15557\" srcset=\"https:\/\/burckhardt.swiss\/app\/uploads\/2023\/05\/Review-News-Hinterkirch-013-1024x682.jpg 1024w, https:\/\/burckhardt.swiss\/app\/uploads\/2023\/05\/Review-News-Hinterkirch-013-300x200.jpg 300w, https:\/\/burckhardt.swiss\/app\/uploads\/2023\/05\/Review-News-Hinterkirch-013-600x399.jpg 600w, https:\/\/burckhardt.swiss\/app\/uploads\/2023\/05\/Review-News-Hinterkirch-013-500x333.jpg 500w, https:\/\/burckhardt.swiss\/app\/uploads\/2023\/05\/Review-News-Hinterkirch-013-1000x666.jpg 1000w, https:\/\/burckhardt.swiss\/app\/uploads\/2023\/05\/Review-News-Hinterkirch-013-700x466.jpg 700w, https:\/\/burckhardt.swiss\/app\/uploads\/2023\/05\/Review-News-Hinterkirch-013-1400x932.jpg 1400w, https:\/\/burckhardt.swiss\/app\/uploads\/2023\/05\/Review-News-Hinterkirch-013.jpg 1600w\" sizes=\"auto, (max-width: 1024px) 100vw, 1024px\" \/><\/figure>\n\n\n\n<figure class=\"wp-block-image size-large\"><img loading=\"lazy\" decoding=\"async\" width=\"1024\" height=\"682\" src=\"https:\/\/burckhardt.swiss\/app\/uploads\/2023\/05\/Review-News-Hinterkirch-011-1024x682.jpg\" alt=\"\" class=\"wp-image-15563\" srcset=\"https:\/\/burckhardt.swiss\/app\/uploads\/2023\/05\/Review-News-Hinterkirch-011-1024x682.jpg 1024w, https:\/\/burckhardt.swiss\/app\/uploads\/2023\/05\/Review-News-Hinterkirch-011-300x200.jpg 300w, https:\/\/burckhardt.swiss\/app\/uploads\/2023\/05\/Review-News-Hinterkirch-011-600x399.jpg 600w, https:\/\/burckhardt.swiss\/app\/uploads\/2023\/05\/Review-News-Hinterkirch-011-500x333.jpg 500w, https:\/\/burckhardt.swiss\/app\/uploads\/2023\/05\/Review-News-Hinterkirch-011-1000x666.jpg 1000w, https:\/\/burckhardt.swiss\/app\/uploads\/2023\/05\/Review-News-Hinterkirch-011-700x466.jpg 700w, https:\/\/burckhardt.swiss\/app\/uploads\/2023\/05\/Review-News-Hinterkirch-011-1400x932.jpg 1400w, https:\/\/burckhardt.swiss\/app\/uploads\/2023\/05\/Review-News-Hinterkirch-011.jpg 1600w\" sizes=\"auto, (max-width: 1024px) 100vw, 1024px\" \/><\/figure>\n\n\n\n<figure class=\"wp-block-image size-large\"><img loading=\"lazy\" decoding=\"async\" width=\"1024\" height=\"682\" src=\"https:\/\/burckhardt.swiss\/app\/uploads\/2023\/05\/Review-News-Hinterkirch-005-1024x682.jpg\" alt=\"\" class=\"wp-image-15555\" srcset=\"https:\/\/burckhardt.swiss\/app\/uploads\/2023\/05\/Review-News-Hinterkirch-005-1024x682.jpg 1024w, https:\/\/burckhardt.swiss\/app\/uploads\/2023\/05\/Review-News-Hinterkirch-005-300x200.jpg 300w, https:\/\/burckhardt.swiss\/app\/uploads\/2023\/05\/Review-News-Hinterkirch-005-600x399.jpg 600w, https:\/\/burckhardt.swiss\/app\/uploads\/2023\/05\/Review-News-Hinterkirch-005-500x333.jpg 500w, https:\/\/burckhardt.swiss\/app\/uploads\/2023\/05\/Review-News-Hinterkirch-005-1000x666.jpg 1000w, https:\/\/burckhardt.swiss\/app\/uploads\/2023\/05\/Review-News-Hinterkirch-005-700x466.jpg 700w, https:\/\/burckhardt.swiss\/app\/uploads\/2023\/05\/Review-News-Hinterkirch-005-1400x932.jpg 1400w, https:\/\/burckhardt.swiss\/app\/uploads\/2023\/05\/Review-News-Hinterkirch-005.jpg 1600w\" sizes=\"auto, (max-width: 1024px) 100vw, 1024px\" \/><\/figure>\n<\/figure>\n\n\n\n<p class=\"has-small-font-size\">Photos: Patrick Indlekofer, Aesch<\/p>\n\n\n\n<div style=\"height:100px\" aria-hidden=\"true\" class=\"wp-block-spacer\"><\/div>\n\n\n<div\n  id=\"block_d5a246986a20c9d5a79fa4442df095c5\"\n  data-block_d5a246986a20c9d5a79fa4442df095c5\n  class=\"o-flex o-flex--centered back align\"\n>\n  <a href=\"https:\/\/burckhardt.swiss\/fr\/?page_id=249\" class=\"u-arrow--left\" onclick=\"back(event)\">\n    retour\n  <\/a>\n<\/div>\n\n\n\n\n<div style=\"height:100px\" aria-hidden=\"true\" class=\"wp-block-spacer\"><\/div>\n<\/div>\n","protected":false},"excerpt":{"rendered":"<p>Apr\u00e8s environ 8 ans de planification et de construction, la f\u00eate de l&#8217;ach\u00e8vement du gros \u0153uvre a eu lieu \u00e0 Hinterkirch.<\/p>\n","protected":false},"author":8,"featured_media":15551,"comment_status":"closed","ping_status":"closed","sticky":false,"template":"","format":"standard","meta":{"_acf_changed":false,"footnotes":""},"tags":[],"categories":[195],"locations":[95],"class_list":["post-15359","post","type-post","status-publish","format-standard","has-post-thumbnail","hentry","category-event-fr","location-bale"],"acf":[],"_links":{"self":[{"href":"https:\/\/burckhardt.swiss\/fr\/wp-json\/wp\/v2\/posts\/15359","targetHints":{"allow":["GET"]}}],"collection":[{"href":"https:\/\/burckhardt.swiss\/fr\/wp-json\/wp\/v2\/posts"}],"about":[{"href":"https:\/\/burckhardt.swiss\/fr\/wp-json\/wp\/v2\/types\/post"}],"author":[{"embeddable":true,"href":"https:\/\/burckhardt.swiss\/fr\/wp-json\/wp\/v2\/users\/8"}],"replies":[{"embeddable":true,"href":"https:\/\/burckhardt.swiss\/fr\/wp-json\/wp\/v2\/comments?post=15359"}],"version-history":[{"count":12,"href":"https:\/\/burckhardt.swiss\/fr\/wp-json\/wp\/v2\/posts\/15359\/revisions"}],"predecessor-version":[{"id":15574,"href":"https:\/\/burckhardt.swiss\/fr\/wp-json\/wp\/v2\/posts\/15359\/revisions\/15574"}],"wp:featuredmedia":[{"embeddable":true,"href":"https:\/\/burckhardt.swiss\/fr\/wp-json\/wp\/v2\/media\/15551"}],"wp:attachment":[{"href":"https:\/\/burckhardt.swiss\/fr\/wp-json\/wp\/v2\/media?parent=15359"}],"wp:term":[{"taxonomy":"post_tag","embeddable":true,"href":"https:\/\/burckhardt.swiss\/fr\/wp-json\/wp\/v2\/tags?post=15359"},{"taxonomy":"category","embeddable":true,"href":"https:\/\/burckhardt.swiss\/fr\/wp-json\/wp\/v2\/categories?post=15359"},{"taxonomy":"location","embeddable":true,"href":"https:\/\/burckhardt.swiss\/fr\/wp-json\/wp\/v2\/locations?post=15359"}],"curies":[{"name":"wp","href":"https:\/\/api.w.org\/{rel}","templated":true}]}}