{"id":11828,"date":"2023-03-13T17:01:47","date_gmt":"2023-03-13T16:01:47","guid":{"rendered":"https:\/\/burckhardt.swiss\/?p=11828"},"modified":"2023-05-02T16:50:13","modified_gmt":"2023-05-02T14:50:13","slug":"burckhardt-sacre-meilleur-employeur-2023-de-suisse","status":"publish","type":"post","link":"https:\/\/burckhardt.swiss\/fr\/burckhardt-sacre-meilleur-employeur-2023-de-suisse\/","title":{"rendered":"Burckhardt sacr\u00e9 \u00abmeilleur employeur 2023\u00bb de Suisse"},"content":{"rendered":"\n<div class=\"wp-block-group is-layout-constrained wp-container-core-group-is-layout-1 wp-block-group-is-layout-constrained\">\n<p><strong>\u00abValorisation, confiance, esprit d\u2019\u00e9quipe: les entreprises qui offrent \u00e0 leur personnel un cadre de travail empreint de ces valeurs comptent parmi les meilleurs employeurs de Suisse\u00bb, comme le rapporte la <a href=\"https:\/\/eur01.safelinks.protection.outlook.com\/?url=https%3A%2F%2Fwww.handelszeitung.ch%2Funternehmen%2Fbau-2023&amp;data=05%7C01%7Csonja.doerig%40burckhardtpartner.ch%7Cee2505e4514844ee1df708db249dee0d%7C8443b9754c2e4977a18788d37e54f450%7C0%7C0%7C638144032935495312%7CUnknown%7CTWFpbGZsb3d8eyJWIjoiMC4wLjAwMDAiLCJQIjoiV2luMzIiLCJBTiI6Ik1haWwiLCJXVCI6Mn0%3D%7C3000%7C%7C%7C&amp;sdata=lhsFE6SBRu%2FYy%2Bglxl15UKrDnt8gZkzJ%2FlKAFPIrO3E%3D&amp;reserved=0\" target=\"_blank\" rel=\"noreferrer noopener\">Handelszeitung<\/a> au sujet de l\u2019enqu\u00eate ind\u00e9pendante men\u00e9e aupr\u00e8s des collaboratrices et des collaborateurs de Suisse, avec le concours de Statista.<\/strong><\/p>\n\n\n\n<p>Burckhardt s\u2019est hiss\u00e9 sur la premi\u00e8re marche du podium, \u00e0 la fois dans la cat\u00e9gorie \u00abConstruction\u00bb et dans la cat\u00e9gorie \u00abConseil\u00bb, devenant ainsi le meilleur employeur de Suisse dans ces deux domaines. \u00abCe r\u00e9sultat refl\u00e8te la satisfaction qui r\u00e8gne au sein de nos effectifs et d\u00e9montre que notre culture d\u2019entreprise accorde une vraie place au d\u00e9veloppement personnel et \u00e0 la r\u00e9ussite\u00bb, se r\u00e9jouit Christoph Frey, partenaire chez Burckhardt.<\/p>\n\n\n\n<p>Quelque 15&#8217;000 employ\u00e9\u00b7e\u00b7s de Suisse ont particip\u00e9 \u00e0 cette enqu\u00eate sur les employeurs et soumis plus de 200&#8217;000 \u00e9valuations.<\/p>\n\n\n\n<p>Envie de rejoindre notre formidable \u00e9quipe? Voici <a href=\"https:\/\/burckhardt.swiss\/fr\/carriere\/\">les offres d\u2019emploi sur nos huit sites<\/a>.<\/p>\n\n\n\n<div style=\"height:100px\" aria-hidden=\"true\" class=\"wp-block-spacer\"><\/div>\n\n\n<div\n  id=\"block_85f05da71ad3479e0b849fc8f0eb76b2\"\n  data-block_85f05da71ad3479e0b849fc8f0eb76b2\n  class=\"o-flex o-flex--centered back align\"\n>\n  <a href=\"https:\/\/burckhardt.swiss\/fr\/?page_id=249\" class=\"u-arrow--left\" onclick=\"back(event)\">\n    retour\n  <\/a>\n<\/div>\n\n\n\n\n<div style=\"height:100px\" aria-hidden=\"true\" class=\"wp-block-spacer\"><\/div>\n\n\n<div\n  id=\"block_b8cf1f2837c77ca56c46ac5f42d8e9d6\"\n  data-block_b8cf1f2837c77ca56c46ac5f42d8e9d6\n  class=\"o-flex o-flex--wrap c-block-contacts contacts align\"\n>\n            <div class=\"o-flex__item u-1\/2@tablet c-block-contacts__text\">\n        <div>\n          <h3>Contactez nous!<\/h3>\n          <a\n            role=\"button\"\n            href=\"mailto:stephanie.koehler@burckhardt.swiss\"\n          >\n            Prenez contact\n          <\/a>\n        <\/div>\n      <\/div>\n    \n    <div class=\"o-flex__item u-1\/2@tablet\">\n      <record-explorer\n        endpoint='employees'\n        fields='title,acf,link,type,id,_links,_embedded'\n        :include='[163]'\n        :labels='{\"name\":\"collaboratrices et collaborateurs\",\"singular_name\":\"Employee\",\"add_new\":\"Add New\",\"add_new_item\":\"Add New Employee\",\"edit_item\":\"Edit Employee\",\"new_item\":\"New Employee\",\"view_item\":\"View Employee\",\"view_items\":\"View Employees\",\"search_items\":\"Search Employees\",\"not_found\":\"No employees found.\",\"not_found_in_trash\":\"No employees found in trash.\",\"parent_item_colon\":\"Parent Employee:\",\"all_items\":\"All Employees\",\"archives\":\"Employee Archives\",\"attributes\":\"Employee Attributes\",\"insert_into_item\":\"Insert into employee\",\"uploaded_to_this_item\":\"Uploaded to this employee\",\"featured_image\":\"Featured image\",\"set_featured_image\":\"Set featured image\",\"remove_featured_image\":\"Remove featured image\",\"use_featured_image\":\"Use as featured image\",\"filter_items_list\":\"Filter employees list\",\"filter_by_date\":\"Filter by date\",\"items_list_navigation\":\"Employees list navigation\",\"items_list\":\"Employees list\",\"item_published\":\"Employee published.\",\"item_published_privately\":\"Employee published privately.\",\"item_reverted_to_draft\":\"Employee reverted to draft.\",\"item_trashed\":\"Post trashed.\",\"item_scheduled\":\"Employee scheduled.\",\"item_updated\":\"Employee updated.\",\"item_link\":\"Post Link\",\"item_link_description\":\"A link to a post.\",\"menu_name\":\"collaboratrices et collaborateurs\",\"name_admin_bar\":\"Employee\",\"template_name\":\"Single item: Employee\"}'\n        :show-filters='false'\n      >\n        <template #record=\"props\">\n          <employee\n            alignment='horizontal'\n            :employee='props.record'\n            class=\"u-1\/1\"\n            :show-phone=\"true\"\n            :show-email=\"false\"\n          ><\/employee>\n        <\/template>\n      <\/record-explorer>\n    <\/div>\n  <\/div>\n\n<\/div>\n","protected":false},"excerpt":{"rendered":"<p>\u00abValorisation, confiance, esprit d\u2019\u00e9quipe: les entreprises qui offrent \u00e0 leur personnel un cadre de travail empreint de ces valeurs comptent parmi les meilleurs employeurs de Suisse\u00bb, comme le rapporte la Handelszeitung au sujet de l\u2019enqu\u00eate ind\u00e9pendante men\u00e9e aupr\u00e8s des collaboratrices et des collaborateurs de Suisse, avec le concours de Statista.<\/p>\n","protected":false},"author":8,"featured_media":12429,"comment_status":"closed","ping_status":"closed","sticky":false,"template":"","format":"standard","meta":{"_acf_changed":false,"footnotes":""},"tags":[],"categories":[474],"locations":[95],"class_list":["post-11828","post","type-post","status-publish","format-standard","has-post-thumbnail","hentry","category-award-fr","location-bale"],"acf":[],"_links":{"self":[{"href":"https:\/\/burckhardt.swiss\/fr\/wp-json\/wp\/v2\/posts\/11828","targetHints":{"allow":["GET"]}}],"collection":[{"href":"https:\/\/burckhardt.swiss\/fr\/wp-json\/wp\/v2\/posts"}],"about":[{"href":"https:\/\/burckhardt.swiss\/fr\/wp-json\/wp\/v2\/types\/post"}],"author":[{"embeddable":true,"href":"https:\/\/burckhardt.swiss\/fr\/wp-json\/wp\/v2\/users\/8"}],"replies":[{"embeddable":true,"href":"https:\/\/burckhardt.swiss\/fr\/wp-json\/wp\/v2\/comments?post=11828"}],"version-history":[{"count":7,"href":"https:\/\/burckhardt.swiss\/fr\/wp-json\/wp\/v2\/posts\/11828\/revisions"}],"predecessor-version":[{"id":12421,"href":"https:\/\/burckhardt.swiss\/fr\/wp-json\/wp\/v2\/posts\/11828\/revisions\/12421"}],"wp:featuredmedia":[{"embeddable":true,"href":"https:\/\/burckhardt.swiss\/fr\/wp-json\/wp\/v2\/media\/12429"}],"wp:attachment":[{"href":"https:\/\/burckhardt.swiss\/fr\/wp-json\/wp\/v2\/media?parent=11828"}],"wp:term":[{"taxonomy":"post_tag","embeddable":true,"href":"https:\/\/burckhardt.swiss\/fr\/wp-json\/wp\/v2\/tags?post=11828"},{"taxonomy":"category","embeddable":true,"href":"https:\/\/burckhardt.swiss\/fr\/wp-json\/wp\/v2\/categories?post=11828"},{"taxonomy":"location","embeddable":true,"href":"https:\/\/burckhardt.swiss\/fr\/wp-json\/wp\/v2\/locations?post=11828"}],"curies":[{"name":"wp","href":"https:\/\/api.w.org\/{rel}","templated":true}]}}